{"id":600,"date":"2023-10-29T23:15:34","date_gmt":"2023-10-29T23:15:34","guid":{"rendered":"https:\/\/antiziganismus.org\/?p=600"},"modified":"2023-11-01T05:07:26","modified_gmt":"2023-11-01T05:07:26","slug":"hinterlassenschaften","status":"publish","type":"post","link":"https:\/\/antiziganismus.org\/?p=600","title":{"rendered":"Handlungsempfehlungen: Hinterlassenschaften"},"content":{"rendered":"\n<p>Aus dem Bericht der<strong> Unabh\u00e4ngigen Kommission Antiziganismus<\/strong> mit dem Titel &#8220; Perspektivwechsel. Nachholende Gerechtigkeit. Partizipation.&#8220; Beauftragt durch das Bundesministerium des Inneren, f\u00fcr Bau und Heimat.<\/p>\n\n\n\n<p>Forschung und Sicherung der \u00dcberlieferung<\/p>\n\n\n\n<p><strong>Die Unabh\u00e4ngige Kommission Antiziganismus empfiehlt \u2026<\/strong><\/p>\n\n\n\n<p>\u2022 <strong>die Forschung \u00fcber den NS-V\u00f6lkermord und die Zweite Verfolgung in ihrer gesamten Breite an Universit\u00e4ten und au\u00dferuniversit\u00e4ren Forschungseinrichtungen dauerhaft zu etablieren. <\/strong>Dar\u00fcber hinaus sind \u00fcbergreifende, das Deutsche Reich und die europ\u00e4ische Dimension untersuchende Studien ebenso gezielt zu f\u00f6rdern wie lokale und regionale Studien.<\/p>\n\n\n\n<p><strong>\u2022 Stiftungen und Forschungsinstitutionen, Untersuchungen \u00fcber den Antiziganismus nach 1945 in allen Bereichen staatlichen Handelns und dessen Auswirkungen auf Roma und Sinti zu f\u00f6rdern.<\/strong><\/p>\n\n\n\n<p><strong>\u2022 die systematische Sammlung und dauerhafte Sicherung der Selbstzeugnisse der Opfer zu f\u00f6rdern, um den von T\u00e4ter_innen nach 1945 etablierten Diskurs zu \u00fcberwinden.<\/strong><\/p>\n\n\n\n<p><strong>\u2022 den Bundesministerien, die Sicherung, Erschlie\u00dfung und Zug\u00e4nglichmachung der relevanten Aktenbest\u00e4nde zu f\u00f6rdern.<\/strong> Dies gilt insbesondere f\u00fcr Quellen aus der NS-Zeit, aber auch aus dem Bereich der Wiedergutmachung, der juristischen Aufarbeitung sowie Personalakten der vormaligen T\u00e4ter_innen.<\/p>\n\n\n\n<p><strong>\u2022 dem Bundesgerichtshof die Beauftragung einer unabh\u00e4ngigen wissenschaftlichen Studie zur Spruchpraxis des BGH im Rahmen der Wiedergutmachungserfahren von Roma und Sinti.<\/strong><\/p>\n\n\n\n<p>Neuausrichtung beh\u00f6rdlicher Praktiken<\/p>\n\n\n\n<p><strong>Die Unabh\u00e4ngige Kommission Antiziganismus empfiehlt \u2026<\/strong><\/p>\n\n\n\n<p><strong>\u2022 den Polizeibeh\u00f6rden in Bund, L\u00e4ndern und Gemeinden, sich mit den problematischen Traditionen des eigenen Beh\u00f6rdenapparates kritisch auseinanderzusetzen.<\/strong> Die f\u00fchrende Rolle der Kriminalpolizei beim NS-V\u00f6lkermord sollte integraler Bestandteil der Ausbildung von Polizeibediensteten sein, ebenso die personellen und ideologischen Kontinuit\u00e4ten nach&nbsp;1945.<\/p>\n\n\n\n<p>\u2022 <strong>dem Bund und den nachgeordneten Beh\u00f6rden, die im NS-Staat erfolgten und nach 1945 fortgesetzten Ausb\u00fcrgerungen von deutschen Roma und Sinti als Unrecht anzuerkennen<\/strong>. Das Ausma\u00df von grundgesetzwidrigen Aberkennungen oder Verweigerungen der deutschen Staatsangeh\u00f6rigkeit ist zu untersuchen. Eine erleichterte R\u00fcckgabe beziehungsweise Anerkennung der deutschen Staatsangeh\u00f6rigkeit ist f\u00fcr \u00dcberlebende und deren Nachkommen umzusetzen.<\/p>\n\n\n\n<p>\u2022 <strong>dem Bund und den nachgeordneten Beh\u00f6rden, die kommunale Praxis der segregierten Unterbringung nach 1945 als rassistische Diskriminierung anzuerkennen.<\/strong> Kommunen und \u00f6ffentliche Wohnungsgesellschaften sollen im Einvernehmen mit Betroffenen eine selbstbestimmte und angemessene Wohnraumversorgung sicherstellen.<\/p>\n\n\n\n<p><\/p>\n\n\n\n<p>Wir haben Genderungen durch die Volksbezeichnung \u201eRoma und Sinti\u201c ersetzt. Zur Begr\u00fcndung:<\/p>\n\n\n\n<ul>\n<li>Es wird auch nicht im Ursprungsbericht \u00fcberall gendergerecht formuliert.<\/li>\n\n\n\n<li>Der Bericht weist auf die kontroverse Diskussion zur Genderung hin.<\/li>\n\n\n\n<li>Wir m\u00f6chten als Volk wahrgenommen werden. Als Individuen kann uns jeder gerne in unserer Vielfalt kennenlernen.<\/li>\n\n\n\n<li>Wenn es wirklich konsequent um Genderung geht, m\u00fcsste man auch \u201eFranzosen und Franz\u00f6sinnen\u201c als \u201eFemme et Homme\u201c formulieren. Bitte verstehen Sie diese Absurdit\u00e4t.<\/li>\n\n\n\n<li>Wir bevorzugen generell die Verwendung einer geschlechtsneutralen Form in der Sprache des Romanes.<\/li>\n<\/ul>\n","protected":false},"excerpt":{"rendered":"<p>Aus dem Bericht der Unabh\u00e4ngigen Kommission Antiziganismus mit dem Titel &#8220; Perspektivwechsel. Nachholende Gerechtigkeit. Partizipation.&#8220; Beauftragt durch das Bundesministerium des Inneren, f\u00fcr Bau und Heimat. Forschung und Sicherung der \u00dcberlieferung Die Unabh\u00e4ngige Kommission Antiziganismus empfiehlt \u2026 \u2022 die Forschung \u00fcber den NS-V\u00f6lkermord und die Zweite Verfolgung in ihrer gesamten Breite an Universit\u00e4ten und au\u00dferuniversit\u00e4ren Forschungseinrichtungen [&hellip;]<\/p>\n","protected":false},"author":1,"featured_media":0,"comment_status":"closed","ping_status":"open","sticky":false,"template":"","format":"standard","meta":{"om_disable_all_campaigns":false,"_monsterinsights_skip_tracking":false,"_monsterinsights_sitenote_active":false,"_monsterinsights_sitenote_note":"","_monsterinsights_sitenote_category":0,"footnotes":""},"categories":[154],"tags":[151,156],"aioseo_notices":[],"_links":{"self":[{"href":"https:\/\/antiziganismus.org\/index.php?rest_route=\/wp\/v2\/posts\/600"}],"collection":[{"href":"https:\/\/antiziganismus.org\/index.php?rest_route=\/wp\/v2\/posts"}],"about":[{"href":"https:\/\/antiziganismus.org\/index.php?rest_route=\/wp\/v2\/types\/post"}],"author":[{"embeddable":true,"href":"https:\/\/antiziganismus.org\/index.php?rest_route=\/wp\/v2\/users\/1"}],"replies":[{"embeddable":true,"href":"https:\/\/antiziganismus.org\/index.php?rest_route=%2Fwp%2Fv2%2Fcomments&post=600"}],"version-history":[{"count":4,"href":"https:\/\/antiziganismus.org\/index.php?rest_route=\/wp\/v2\/posts\/600\/revisions"}],"predecessor-version":[{"id":733,"href":"https:\/\/antiziganismus.org\/index.php?rest_route=\/wp\/v2\/posts\/600\/revisions\/733"}],"wp:attachment":[{"href":"https:\/\/antiziganismus.org\/index.php?rest_route=%2Fwp%2Fv2%2Fmedia&parent=600"}],"wp:term":[{"taxonomy":"category","embeddable":true,"href":"https:\/\/antiziganismus.org\/index.php?rest_route=%2Fwp%2Fv2%2Fcategories&post=600"},{"taxonomy":"post_tag","embeddable":true,"href":"https:\/\/antiziganismus.org\/index.php?rest_route=%2Fwp%2Fv2%2Ftags&post=600"}],"curies":[{"name":"wp","href":"https:\/\/api.w.org\/{rel}","templated":true}]}}