{"id":396,"date":"2023-10-29T00:15:21","date_gmt":"2023-10-29T00:15:21","guid":{"rendered":"https:\/\/antiziganismus.org\/?p=396"},"modified":"2023-10-31T19:13:52","modified_gmt":"2023-10-31T19:13:52","slug":"heiden-und-unglaeubige","status":"publish","type":"post","link":"https:\/\/antiziganismus.org\/?p=396","title":{"rendered":"Heidentum und angeblich fehlende Zugeh\u00f6rigkeit zu monotheistischen Religionen"},"content":{"rendered":"\n<h2 class=\"wp-block-heading\">Antiziganismus Typ V \u2013 Religi\u00f6ser Antiziganismus<\/h2>\n\n\n\n<p>Eine weitere irrige Annahme besagt, dass Roma einem heidnischen Glauben anh\u00e4ngen und nicht den monotheistischen Religionen zugeordnet werden k\u00f6nnen. Diese falsche Vorstellung resultierte in der Stigmatisierung der Roma als &#8222;anders&#8220; und &#8222;gef\u00e4hrlich&#8220;. Sie wurden aufgrund ihrer religi\u00f6sen \u00dcberzeugungen diskriminiert und aus der Gesellschaft ausgegrenzt. Vieles l\u00e4sst sich mit dem Auftauchen der Roma mit dem Osmanischen Reich, welches auch als heidnisch empfunden wurde.<\/p>\n","protected":false},"excerpt":{"rendered":"<p>Antiziganismus Typ V \u2013 Religi\u00f6ser Antiziganismus Eine weitere irrige Annahme besagt, dass Roma einem heidnischen Glauben anh\u00e4ngen und nicht den monotheistischen Religionen zugeordnet werden k\u00f6nnen. Diese falsche Vorstellung resultierte in der Stigmatisierung der Roma als &#8222;anders&#8220; und &#8222;gef\u00e4hrlich&#8220;. Sie wurden aufgrund ihrer religi\u00f6sen \u00dcberzeugungen diskriminiert und aus der Gesellschaft ausgegrenzt. Vieles l\u00e4sst sich mit dem [&hellip;]<\/p>\n","protected":false},"author":1,"featured_media":0,"comment_status":"closed","ping_status":"open","sticky":false,"template":"","format":"standard","meta":{"om_disable_all_campaigns":false,"_monsterinsights_skip_tracking":false,"_monsterinsights_sitenote_active":false,"_monsterinsights_sitenote_note":"","_monsterinsights_sitenote_category":0,"footnotes":""},"categories":[1],"tags":[37,12,39,40,41,38,42,43,24],"aioseo_notices":[],"_links":{"self":[{"href":"https:\/\/antiziganismus.org\/index.php?rest_route=\/wp\/v2\/posts\/396"}],"collection":[{"href":"https:\/\/antiziganismus.org\/index.php?rest_route=\/wp\/v2\/posts"}],"about":[{"href":"https:\/\/antiziganismus.org\/index.php?rest_route=\/wp\/v2\/types\/post"}],"author":[{"embeddable":true,"href":"https:\/\/antiziganismus.org\/index.php?rest_route=\/wp\/v2\/users\/1"}],"replies":[{"embeddable":true,"href":"https:\/\/antiziganismus.org\/index.php?rest_route=%2Fwp%2Fv2%2Fcomments&post=396"}],"version-history":[{"count":2,"href":"https:\/\/antiziganismus.org\/index.php?rest_route=\/wp\/v2\/posts\/396\/revisions"}],"predecessor-version":[{"id":423,"href":"https:\/\/antiziganismus.org\/index.php?rest_route=\/wp\/v2\/posts\/396\/revisions\/423"}],"wp:attachment":[{"href":"https:\/\/antiziganismus.org\/index.php?rest_route=%2Fwp%2Fv2%2Fmedia&parent=396"}],"wp:term":[{"taxonomy":"category","embeddable":true,"href":"https:\/\/antiziganismus.org\/index.php?rest_route=%2Fwp%2Fv2%2Fcategories&post=396"},{"taxonomy":"post_tag","embeddable":true,"href":"https:\/\/antiziganismus.org\/index.php?rest_route=%2Fwp%2Fv2%2Ftags&post=396"}],"curies":[{"name":"wp","href":"https:\/\/api.w.org\/{rel}","templated":true}]}}