{"id":321,"date":"2023-10-28T22:59:46","date_gmt":"2023-10-28T22:59:46","guid":{"rendered":"https:\/\/antiziganismus.org\/?p=321"},"modified":"2023-10-31T19:45:12","modified_gmt":"2023-10-31T19:45:12","slug":"bildungsfern","status":"publish","type":"post","link":"https:\/\/antiziganismus.org\/?p=321","title":{"rendered":"Bildungsfern"},"content":{"rendered":"\n<h1 class=\"wp-block-heading\">Antiziganismus Typ I<\/h1>\n\n\n\n<h2 class=\"wp-block-heading\">Tradierter und&nbsp;<strong>Fremdenfeindlicher Antiziganismus<\/strong><\/h2>\n\n\n\n<p><strong>Bildungsferne<\/strong>: Es wird oft angenommen, dass Roma und Sinti einen geringeren Zugang zu Bildung haben und bildungsfern sind. Diese Vorstellung basiert auf unzutreffenden Annahmen und f\u00fchrt dazu, dass diesen Gemeinschaften Bildungsm\u00f6glichkeiten vorenthalten werden und zu faul sind zu arbeiten.<\/p>\n\n\n\n<p>Dabei wird ausgeblendet das der Gro\u00dfteil der Roma erfolgreiche Bildungs- und Arbeitswege haben.  <\/p>\n","protected":false},"excerpt":{"rendered":"<p>Antiziganismus Typ I Tradierter und&nbsp;Fremdenfeindlicher Antiziganismus Bildungsferne: Es wird oft angenommen, dass Roma und Sinti einen geringeren Zugang zu Bildung haben und bildungsfern sind. Diese Vorstellung basiert auf unzutreffenden Annahmen und f\u00fchrt dazu, dass diesen Gemeinschaften Bildungsm\u00f6glichkeiten vorenthalten werden und zu faul sind zu arbeiten. Dabei wird ausgeblendet das der Gro\u00dfteil der Roma erfolgreiche Bildungs- [&hellip;]<\/p>\n","protected":false},"author":1,"featured_media":0,"comment_status":"closed","ping_status":"open","sticky":false,"template":"","format":"standard","meta":{"om_disable_all_campaigns":false,"_monsterinsights_skip_tracking":false,"_monsterinsights_sitenote_active":false,"_monsterinsights_sitenote_note":"","_monsterinsights_sitenote_category":0,"footnotes":""},"categories":[1],"tags":[12,65,63,64,45],"aioseo_notices":[],"_links":{"self":[{"href":"https:\/\/antiziganismus.org\/index.php?rest_route=\/wp\/v2\/posts\/321"}],"collection":[{"href":"https:\/\/antiziganismus.org\/index.php?rest_route=\/wp\/v2\/posts"}],"about":[{"href":"https:\/\/antiziganismus.org\/index.php?rest_route=\/wp\/v2\/types\/post"}],"author":[{"embeddable":true,"href":"https:\/\/antiziganismus.org\/index.php?rest_route=\/wp\/v2\/users\/1"}],"replies":[{"embeddable":true,"href":"https:\/\/antiziganismus.org\/index.php?rest_route=%2Fwp%2Fv2%2Fcomments&post=321"}],"version-history":[{"count":3,"href":"https:\/\/antiziganismus.org\/index.php?rest_route=\/wp\/v2\/posts\/321\/revisions"}],"predecessor-version":[{"id":837,"href":"https:\/\/antiziganismus.org\/index.php?rest_route=\/wp\/v2\/posts\/321\/revisions\/837"}],"wp:attachment":[{"href":"https:\/\/antiziganismus.org\/index.php?rest_route=%2Fwp%2Fv2%2Fmedia&parent=321"}],"wp:term":[{"taxonomy":"category","embeddable":true,"href":"https:\/\/antiziganismus.org\/index.php?rest_route=%2Fwp%2Fv2%2Fcategories&post=321"},{"taxonomy":"post_tag","embeddable":true,"href":"https:\/\/antiziganismus.org\/index.php?rest_route=%2Fwp%2Fv2%2Ftags&post=321"}],"curies":[{"name":"wp","href":"https:\/\/api.w.org\/{rel}","templated":true}]}}