{"id":315,"date":"2023-10-28T22:59:46","date_gmt":"2023-10-28T22:59:46","guid":{"rendered":"https:\/\/antiziganismus.org\/?p=315"},"modified":"2023-11-05T18:06:09","modified_gmt":"2023-11-05T18:06:09","slug":"corona","status":"publish","type":"post","link":"https:\/\/antiziganismus.org\/?p=315","title":{"rendered":"Corona"},"content":{"rendered":"\n<h2 class=\"wp-block-heading\">Antiziganismus Typ VI<\/h2>\n\n\n\n<p><strong>Realit\u00e4t des Antiziganismus<\/strong><\/p>\n\n\n\n<p><em>Vorurteil: \u00dcbertr\u00e4ger von Krankheiten<\/em><\/p>\n\n\n\n<p>Die COVID-19-Pandemie traf die Roma-Gemeinschaften besonders hart und f\u00fchrte zu einer tragisch hohen Zahl von Todesf\u00e4llen. Ein entscheidender Faktor hierbei war die unzureichende, teilweise sogar verweigerte medizinische Versorgung. In vielen F\u00e4llen wurden ganze Siedlungen und Ghettos, in denen Roma lebten, unter Quarant\u00e4ne gestellt. Diese Ma\u00dfnahmen waren oft gepr\u00e4gt von antiziganistischen Vorurteilen und der falschen Annahme, dass Roma nicht als vollwertige Menschen betrachtet w\u00fcrden. Eine solche Diskriminierung retraumatisierte viele Mitglieder der Roma- und Sinti-Gemeinschaften zus\u00e4tzlich zu den bereits bestehenden Herausforderungen. Es ist wichtig, diese Problematik anzuerkennen und f\u00fcr eine gleichberechtigte medizinische Versorgung aller Bev\u00f6lkerungsgruppen einzutreten.<\/p>\n\n\n\n<p><strong>Siehe auch:<\/strong><\/p>\n\n\n\n<ul>\n<li><a href=\"https:\/\/antiziganismus.org\/?p=238\">Bringer der Pest<\/a><\/li>\n\n\n\n<li><a href=\"https:\/\/antiziganismus.org\/?p=311\">Krankheiten<\/a><\/li>\n<\/ul>\n","protected":false},"excerpt":{"rendered":"<p>Antiziganismus Typ VI Realit\u00e4t des Antiziganismus Vorurteil: \u00dcbertr\u00e4ger von Krankheiten Die COVID-19-Pandemie traf die Roma-Gemeinschaften besonders hart und f\u00fchrte zu einer tragisch hohen Zahl von Todesf\u00e4llen. Ein entscheidender Faktor hierbei war die unzureichende, teilweise sogar verweigerte medizinische Versorgung. In vielen F\u00e4llen wurden ganze Siedlungen und Ghettos, in denen Roma lebten, unter Quarant\u00e4ne gestellt. Diese Ma\u00dfnahmen [&hellip;]<\/p>\n","protected":false},"author":1,"featured_media":1007,"comment_status":"closed","ping_status":"open","sticky":false,"template":"","format":"standard","meta":{"om_disable_all_campaigns":false,"_monsterinsights_skip_tracking":false,"_monsterinsights_sitenote_active":false,"_monsterinsights_sitenote_note":"","_monsterinsights_sitenote_category":0,"footnotes":""},"categories":[1],"tags":[100,12,58,77,239,78,192,238,237,93],"aioseo_notices":[],"_links":{"self":[{"href":"https:\/\/antiziganismus.org\/index.php?rest_route=\/wp\/v2\/posts\/315"}],"collection":[{"href":"https:\/\/antiziganismus.org\/index.php?rest_route=\/wp\/v2\/posts"}],"about":[{"href":"https:\/\/antiziganismus.org\/index.php?rest_route=\/wp\/v2\/types\/post"}],"author":[{"embeddable":true,"href":"https:\/\/antiziganismus.org\/index.php?rest_route=\/wp\/v2\/users\/1"}],"replies":[{"embeddable":true,"href":"https:\/\/antiziganismus.org\/index.php?rest_route=%2Fwp%2Fv2%2Fcomments&post=315"}],"version-history":[{"count":4,"href":"https:\/\/antiziganismus.org\/index.php?rest_route=\/wp\/v2\/posts\/315\/revisions"}],"predecessor-version":[{"id":926,"href":"https:\/\/antiziganismus.org\/index.php?rest_route=\/wp\/v2\/posts\/315\/revisions\/926"}],"wp:featuredmedia":[{"embeddable":true,"href":"https:\/\/antiziganismus.org\/index.php?rest_route=\/wp\/v2\/media\/1007"}],"wp:attachment":[{"href":"https:\/\/antiziganismus.org\/index.php?rest_route=%2Fwp%2Fv2%2Fmedia&parent=315"}],"wp:term":[{"taxonomy":"category","embeddable":true,"href":"https:\/\/antiziganismus.org\/index.php?rest_route=%2Fwp%2Fv2%2Fcategories&post=315"},{"taxonomy":"post_tag","embeddable":true,"href":"https:\/\/antiziganismus.org\/index.php?rest_route=%2Fwp%2Fv2%2Ftags&post=315"}],"curies":[{"name":"wp","href":"https:\/\/api.w.org\/{rel}","templated":true}]}}