{"id":311,"date":"2023-10-28T22:59:45","date_gmt":"2023-10-28T22:59:45","guid":{"rendered":"https:\/\/antiziganismus.org\/?p=311"},"modified":"2023-11-05T18:11:03","modified_gmt":"2023-11-05T18:11:03","slug":"krankheiten","status":"publish","type":"post","link":"https:\/\/antiziganismus.org\/?p=311","title":{"rendered":"Krankheiten"},"content":{"rendered":"\n<h2 class=\"wp-block-heading\">Antiziganismus Typ VI<\/h2>\n\n\n\n<p><strong>Realit\u00e4t des Antiziganismus<\/strong><\/p>\n\n\n\n<p><em>Vorurteil: \u00dcbertr\u00e4ger von Krankheiten<\/em><\/p>\n\n\n\n<p>Roma sind historisch betrachtet oft mit Vorurteilen in Verbindung gebracht worden, die sie f\u00e4lschlicherweise mit \u00fcbertragbaren Krankheiten und Seuchen in Verbindung brachten. Dies hat zu verschiedenen negativen Stereotypen gef\u00fchrt:<\/p>\n\n\n\n<ol>\n<li><strong>Roma seien von Grund auf dreckig<\/strong>: Dieses Vorurteil ist oft mit der Annahme verbunden, dass Roma von Natur aus unhygienisch seien und daher Krankheiten verbreiten w\u00fcrden. Dies ist ein unhaltbares Vorurteil, das die Vielfalt der Lebensumst\u00e4nde unter den Roma ignoriert.<\/li>\n\n\n\n<li><strong>Roma leben in schlechten hygienischen Umst\u00e4nden<\/strong>: Auch wenn es zweifellos Roma gibt, die unter prek\u00e4ren hygienischen Bedingungen leben, ist es unfair und unwissenschaftlich, dies auf die gesamte Bev\u00f6lkerungsgruppe zu \u00fcbertragen. Die Gr\u00fcnde f\u00fcr solche Lebensbedingungen sind oft in sozialer Benachteiligung und Diskriminierung zu finden.<\/li>\n\n\n\n<li><strong>Das Leben in einer Gro\u00dffamilie ist dreckig<\/strong>: Dieses Vorurteil basiert auf einer falschen Annahme. Das Leben in Gro\u00dffamilien hat nichts mit der Verbreitung von Krankheiten zu tun. Es ist wichtig zu betonen, dass Gro\u00dffamilien in vielen Kulturen weit verbreitet sind und soziale Unterst\u00fctzung bieten.<\/li>\n\n\n\n<li><strong>Verbindung zu \u00fcbertragbaren Krankheiten<\/strong>: Historisch gesehen wurden Roma f\u00e4lschlicherweise mit der Verbreitung von \u00fcbertragbaren Krankheiten in Verbindung gebracht. Dies hat zu Diskriminierung und Stigmatisierung gef\u00fchrt.<\/li>\n<\/ol>\n\n\n\n<p>Sehr auch:<\/p>\n\n\n\n<ul>\n<li><a href=\"https:\/\/antiziganismus.org\/?p=315\">Corona<\/a><\/li>\n\n\n\n<li><a href=\"https:\/\/antiziganismus.org\/?p=238\">Bringer der Pest<\/a><\/li>\n<\/ul>\n","protected":false},"excerpt":{"rendered":"<p>Antiziganismus Typ VI Realit\u00e4t des Antiziganismus Vorurteil: \u00dcbertr\u00e4ger von Krankheiten Roma sind historisch betrachtet oft mit Vorurteilen in Verbindung gebracht worden, die sie f\u00e4lschlicherweise mit \u00fcbertragbaren Krankheiten und Seuchen in Verbindung brachten. Dies hat zu verschiedenen negativen Stereotypen gef\u00fchrt: Sehr auch:<\/p>\n","protected":false},"author":1,"featured_media":1007,"comment_status":"closed","ping_status":"open","sticky":false,"template":"","format":"standard","meta":{"om_disable_all_campaigns":false,"_monsterinsights_skip_tracking":false,"_monsterinsights_sitenote_active":false,"_monsterinsights_sitenote_note":"","_monsterinsights_sitenote_category":0,"footnotes":""},"categories":[1],"tags":[100,12,240,77,78,192,238],"aioseo_notices":[],"_links":{"self":[{"href":"https:\/\/antiziganismus.org\/index.php?rest_route=\/wp\/v2\/posts\/311"}],"collection":[{"href":"https:\/\/antiziganismus.org\/index.php?rest_route=\/wp\/v2\/posts"}],"about":[{"href":"https:\/\/antiziganismus.org\/index.php?rest_route=\/wp\/v2\/types\/post"}],"author":[{"embeddable":true,"href":"https:\/\/antiziganismus.org\/index.php?rest_route=\/wp\/v2\/users\/1"}],"replies":[{"embeddable":true,"href":"https:\/\/antiziganismus.org\/index.php?rest_route=%2Fwp%2Fv2%2Fcomments&post=311"}],"version-history":[{"count":5,"href":"https:\/\/antiziganismus.org\/index.php?rest_route=\/wp\/v2\/posts\/311\/revisions"}],"predecessor-version":[{"id":923,"href":"https:\/\/antiziganismus.org\/index.php?rest_route=\/wp\/v2\/posts\/311\/revisions\/923"}],"wp:featuredmedia":[{"embeddable":true,"href":"https:\/\/antiziganismus.org\/index.php?rest_route=\/wp\/v2\/media\/1007"}],"wp:attachment":[{"href":"https:\/\/antiziganismus.org\/index.php?rest_route=%2Fwp%2Fv2%2Fmedia&parent=311"}],"wp:term":[{"taxonomy":"category","embeddable":true,"href":"https:\/\/antiziganismus.org\/index.php?rest_route=%2Fwp%2Fv2%2Fcategories&post=311"},{"taxonomy":"post_tag","embeddable":true,"href":"https:\/\/antiziganismus.org\/index.php?rest_route=%2Fwp%2Fv2%2Ftags&post=311"}],"curies":[{"name":"wp","href":"https:\/\/api.w.org\/{rel}","templated":true}]}}