{"id":241,"date":"2023-10-28T22:37:21","date_gmt":"2023-10-28T22:37:21","guid":{"rendered":"https:\/\/antiziganismus.org\/?p=241"},"modified":"2023-10-31T19:58:57","modified_gmt":"2023-10-31T19:58:57","slug":"musikalisch","status":"publish","type":"post","link":"https:\/\/antiziganismus.org\/?p=241","title":{"rendered":"Musikalisch"},"content":{"rendered":"\n<h3 class=\"wp-block-heading\">Antiziganismus Typ IV<\/h3>\n\n\n\n<p><strong>Romantisierender Antiziganismus<\/strong><\/p>\n\n\n\n<p><strong>Die angedichtete Musikalit\u00e4t<\/strong>: Die Annahme, dass alle Roma musikalisch talentiert seien, ist ein weiteres verbreitetes Stereotyp. Diese Romantisierung der musikalischen F\u00e4higkeiten der Roma blendet aus, dass nicht alle Mitglieder dieser Gemeinschaft musikalisch begabt sind und dass ihre Talente vielf\u00e4ltig sind und nicht auf ein einziges Klischee reduziert werden k\u00f6nnen.<\/p>\n\n\n\n<p>W\u00e4hrend viele Roma tats\u00e4chlich eine reiche musikalische Tradition haben, wird diese Eigenschaft oft \u00fcber generalisiert und als das einzige Merkmal ihrer Kultur dargestellt. Dies f\u00fchrt zu einer Verengung und Vereinfachung ihrer Identit\u00e4t.<\/p>\n","protected":false},"excerpt":{"rendered":"<p>Antiziganismus Typ IV Romantisierender Antiziganismus Die angedichtete Musikalit\u00e4t: Die Annahme, dass alle Roma musikalisch talentiert seien, ist ein weiteres verbreitetes Stereotyp. Diese Romantisierung der musikalischen F\u00e4higkeiten der Roma blendet aus, dass nicht alle Mitglieder dieser Gemeinschaft musikalisch begabt sind und dass ihre Talente vielf\u00e4ltig sind und nicht auf ein einziges Klischee reduziert werden k\u00f6nnen. W\u00e4hrend [&hellip;]<\/p>\n","protected":false},"author":1,"featured_media":0,"comment_status":"closed","ping_status":"open","sticky":false,"template":"","format":"standard","meta":{"om_disable_all_campaigns":false,"_monsterinsights_skip_tracking":false,"_monsterinsights_sitenote_active":false,"_monsterinsights_sitenote_note":"","_monsterinsights_sitenote_category":0,"footnotes":""},"categories":[1],"tags":[12,133,130,131,77,132,78,111],"aioseo_notices":[],"_links":{"self":[{"href":"https:\/\/antiziganismus.org\/index.php?rest_route=\/wp\/v2\/posts\/241"}],"collection":[{"href":"https:\/\/antiziganismus.org\/index.php?rest_route=\/wp\/v2\/posts"}],"about":[{"href":"https:\/\/antiziganismus.org\/index.php?rest_route=\/wp\/v2\/types\/post"}],"author":[{"embeddable":true,"href":"https:\/\/antiziganismus.org\/index.php?rest_route=\/wp\/v2\/users\/1"}],"replies":[{"embeddable":true,"href":"https:\/\/antiziganismus.org\/index.php?rest_route=%2Fwp%2Fv2%2Fcomments&post=241"}],"version-history":[{"count":3,"href":"https:\/\/antiziganismus.org\/index.php?rest_route=\/wp\/v2\/posts\/241\/revisions"}],"predecessor-version":[{"id":565,"href":"https:\/\/antiziganismus.org\/index.php?rest_route=\/wp\/v2\/posts\/241\/revisions\/565"}],"wp:attachment":[{"href":"https:\/\/antiziganismus.org\/index.php?rest_route=%2Fwp%2Fv2%2Fmedia&parent=241"}],"wp:term":[{"taxonomy":"category","embeddable":true,"href":"https:\/\/antiziganismus.org\/index.php?rest_route=%2Fwp%2Fv2%2Fcategories&post=241"},{"taxonomy":"post_tag","embeddable":true,"href":"https:\/\/antiziganismus.org\/index.php?rest_route=%2Fwp%2Fv2%2Ftags&post=241"}],"curies":[{"name":"wp","href":"https:\/\/api.w.org\/{rel}","templated":true}]}}