{"id":153,"date":"2023-10-28T21:58:00","date_gmt":"2023-10-28T21:58:00","guid":{"rendered":"https:\/\/antiziganismus.org\/?p=153"},"modified":"2023-11-05T23:36:44","modified_gmt":"2023-11-05T23:36:44","slug":"zigeuner","status":"publish","type":"post","link":"https:\/\/antiziganismus.org\/?p=153","title":{"rendered":"Darf ich noch Zigeuner sagen?"},"content":{"rendered":"\n<p><strong>Der Umgang mit dem Begriff &#8222;Zigeuner&#8220; in wissenschaftlichem und gesellschaftlichem Kontext<\/strong><\/p>\n\n\n\n<p>Die Verwendung des Begriffs &#8222;Zigeuner&#8220; in wissenschaftlichen Diskursen erfordert eine \u00e4u\u00dferst sensible und reflektierte Herangehensweise. Grunds\u00e4tzlich l\u00e4sst sich festhalten, dass das Wort &#8222;Zigeuner&#8220; keinerlei Existenzberechtigung im wissenschaftlichen oder gesellschaftlichen Kontext hat, au\u00dfer in zwei spezifischen Ausnahmef\u00e4llen, die im Folgenden n\u00e4her erl\u00e4utert werden.<\/p>\n\n\n\n<ol>\n<li><strong>Historischer Kontext<\/strong>:<\/li>\n<\/ol>\n\n\n\n<p>Im historischen Kontext ist die Verwendung des Begriffs &#8222;Zigeuner&#8220; notwendig, um vergangene Geschehnisse und historische Entwicklungen korrekt zu beschreiben. Dabei ist es jedoch von gr\u00f6\u00dfter Wichtigkeit, dies stets mit einer kritischen Reflexion zu tun und die Begrifflichkeit in Anf\u00fchrungszeichen zu setzen oder anderweitig zu markieren, um die rassistischen Konnotationen und historischen Missbr\u00e4uche dieses Begriffs zu betonen.<\/p>\n\n\n\n<figure class=\"wp-block-embed is-type-video is-provider-youtube wp-block-embed-youtube wp-embed-aspect-16-9 wp-has-aspect-ratio\"><div class=\"wp-block-embed__wrapper\">\n<iframe loading=\"lazy\" title=\"6. Antiziganismus - Schlauer in 100 Sekunden\" width=\"500\" height=\"281\" src=\"https:\/\/www.youtube.com\/embed\/QLcbypLu5fU?feature=oembed\" frameborder=\"0\" allow=\"accelerometer; autoplay; clipboard-write; encrypted-media; gyroscope; picture-in-picture; web-share\" allowfullscreen><\/iframe>\n<\/div><\/figure>\n\n\n\n<p>Die historische Verwendung des Begriffs &#8222;Zigeuner&#8220; ist stark von Vorurteilen, Diskriminierung und Verfolgung gepr\u00e4gt. Durch die Verwendung des Begriffs im historischen Kontext wird verdeutlicht, wie die Roma und Sinti \u00fcber Jahrhunderte hinweg stigmatisiert und marginalisiert wurden. Es ist von entscheidender Bedeutung, diese Historie zu dokumentieren, zu analysieren und zu reflektieren, um ein umfassendes Verst\u00e4ndnis f\u00fcr die Leiden und den Widerstand dieser Gemeinschaften zu entwickeln.<\/p>\n\n\n\n<ol start=\"2\">\n<li><strong>Aufkl\u00e4rung \u00fcber Antiziganismus<\/strong>:<\/li>\n<\/ol>\n\n\n\n<p>Die zweite Ausnahme f\u00fcr die Verwendung des Begriffs &#8222;Zigeuner&#8220; im wissenschaftlichen Kontext besteht darin, ihn zu thematisieren und zu analysieren, um die spezifischen Mechanismen des Antiziganismus zu erkl\u00e4ren und zu bek\u00e4mpfen. Hierbei ist es essenziell, den Begriff nicht unkritisch zu verwenden, sondern stets in Anf\u00fchrungszeichen zu setzen und mit einer klaren Erl\u00e4uterung der rassistischen Konnotationen zu versehen.<\/p>\n\n\n\n<p>Das Durchstreichen des Begriffs &#8222;Zigeuner&#8220; beim Schreiben in wissenschaftlichen Texten kann als Symbol der Ablehnung und Distanzierung von der historischen Verwendung und den damit verbundenen Vorurteilen interpretiert werden. Es signalisiert die Sensibilit\u00e4t und das Bewusstsein f\u00fcr die diskriminierende Wirkung dieses Begriffs und unterstreicht die Notwendigkeit, einen respektvollen und gerechten Umgang mit der Roma- und Sinti-Gemeinschaft zu f\u00f6rdern.<\/p>\n\n\n\n<p>Insgesamt ist es von h\u00f6chster Bedeutung, dass Wissenschaftlerinnen und Wissenschaftler sich der Verantwortung bewusst sind, die mit der Verwendung des Begriffs &#8222;Zigeuner&#8220; einhergeht. Sie sollten stets bedenken, dass dieser Begriff eine belastete Geschichte hat und sensibel mit ihm umgehen, um Vorurteile abzubauen und die Anerkennung und Gerechtigkeit f\u00fcr die Roma- und Sinti-Gemeinschaft zu f\u00f6rdern.<\/p>\n\n\n\n<p><em>Anmerkung: Wir w\u00fcrden auch die \u00dcberschrift oder in den Men\u00fcs den Begriff durchgestrichen darstellen wenn es technisch auf dieser Website m\u00f6glich w\u00e4re. Bei \u00dcberschriften gibt es diese Funktion nicht.<\/em><\/p>\n","protected":false},"excerpt":{"rendered":"<p>Der Umgang mit dem Begriff &#8222;Zigeuner&#8220; in wissenschaftlichem und gesellschaftlichem Kontext Die Verwendung des Begriffs &#8222;Zigeuner&#8220; in wissenschaftlichen Diskursen erfordert eine \u00e4u\u00dferst sensible und reflektierte Herangehensweise. Grunds\u00e4tzlich l\u00e4sst sich festhalten, dass das Wort &#8222;Zigeuner&#8220; keinerlei Existenzberechtigung im wissenschaftlichen oder gesellschaftlichen Kontext hat, au\u00dfer in zwei spezifischen Ausnahmef\u00e4llen, die im Folgenden n\u00e4her erl\u00e4utert werden. Im historischen [&hellip;]<\/p>\n","protected":false},"author":1,"featured_media":1005,"comment_status":"closed","ping_status":"open","sticky":false,"template":"","format":"standard","meta":{"om_disable_all_campaigns":false,"_monsterinsights_skip_tracking":false,"_monsterinsights_sitenote_active":false,"_monsterinsights_sitenote_note":"","_monsterinsights_sitenote_category":0,"footnotes":""},"categories":[6],"tags":[100,12,101,13,96,97,98,99,77,78,93],"aioseo_notices":[],"_links":{"self":[{"href":"https:\/\/antiziganismus.org\/index.php?rest_route=\/wp\/v2\/posts\/153"}],"collection":[{"href":"https:\/\/antiziganismus.org\/index.php?rest_route=\/wp\/v2\/posts"}],"about":[{"href":"https:\/\/antiziganismus.org\/index.php?rest_route=\/wp\/v2\/types\/post"}],"author":[{"embeddable":true,"href":"https:\/\/antiziganismus.org\/index.php?rest_route=\/wp\/v2\/users\/1"}],"replies":[{"embeddable":true,"href":"https:\/\/antiziganismus.org\/index.php?rest_route=%2Fwp%2Fv2%2Fcomments&post=153"}],"version-history":[{"count":7,"href":"https:\/\/antiziganismus.org\/index.php?rest_route=\/wp\/v2\/posts\/153\/revisions"}],"predecessor-version":[{"id":768,"href":"https:\/\/antiziganismus.org\/index.php?rest_route=\/wp\/v2\/posts\/153\/revisions\/768"}],"wp:featuredmedia":[{"embeddable":true,"href":"https:\/\/antiziganismus.org\/index.php?rest_route=\/wp\/v2\/media\/1005"}],"wp:attachment":[{"href":"https:\/\/antiziganismus.org\/index.php?rest_route=%2Fwp%2Fv2%2Fmedia&parent=153"}],"wp:term":[{"taxonomy":"category","embeddable":true,"href":"https:\/\/antiziganismus.org\/index.php?rest_route=%2Fwp%2Fv2%2Fcategories&post=153"},{"taxonomy":"post_tag","embeddable":true,"href":"https:\/\/antiziganismus.org\/index.php?rest_route=%2Fwp%2Fv2%2Ftags&post=153"}],"curies":[{"name":"wp","href":"https:\/\/api.w.org\/{rel}","templated":true}]}}